{"id":22499,"date":"2026-03-06T09:33:06","date_gmt":"2026-03-06T09:33:06","guid":{"rendered":"https:\/\/www.glowbeautybanus.com\/world-hair-day-take-care-of-your-mane-at-glow-beauty-puerto-banus"},"modified":"2025-03-07T10:32:45","modified_gmt":"2025-03-07T10:32:45","slug":"world-hair-day-take-care-of-your-mane-at-glow-beauty-puerto-banus","status":"publish","type":"post","link":"https:\/\/www.glowbeautybanus.com\/en\/world-hair-day-take-care-of-your-mane-at-glow-beauty-puerto-banus","title":{"rendered":"World Hair Day: Take Care of Your Mane at Glow Beauty Puerto Ban\u00fas"},"content":{"rendered":"\n<p>Hoy, 6 de marzo, celebramos el <strong>D\u00eda Mundial del Cabello<\/strong>, un homenaje a uno de los rasgos m\u00e1s caracter\u00edsticos de nuestra imagen y salud. \u00bfSab\u00edas que el cabello es el \u00f3rgano m\u00e1s activo del cuerpo humano? Perdemos entre 50 y 100 cabellos al d\u00eda, pero nuestra melena sigue creciendo a un ritmo de 1 a 1.5 cm por mes.  <\/p>\n\n<p>At the <a href=\"https:\/\/www.glowbeautybanus.com\/en\/glow-beauty-treatments-puerto-banus\/hairdressing-salon\">Glow Beauty Puerto Ban\u00fas hair salon<\/a>, we know that healthy hair not only enhances your beauty but also protects your skin and helps regulate your body temperature. That&#8217;s why we provide you with the keys to maintaining a spectacular mane. <\/p>\n\n<div style=\"height:19px\" aria-hidden=\"true\" class=\"wp-block-spacer\"><\/div>\n\n<h2 class=\"wp-block-heading\">Tips from Glow Beauty Puerto Ban\u00fas for Healthy and Radiant Hair<\/h2>\n\n<h3 class=\"wp-block-heading\">1. Choose the right shampoo<br\/> <br\/><\/h3>\n\n<p>Not all hair is the same. A <a href=\"https:\/\/n699099.alteg.io\">personalized scalp diagnosis<\/a> at our <a href=\"https:\/\/www.glowbeautybanus.com\/en\/glow-beauty-treatments-puerto-banus\/hairdressing-salon\">salon in Puerto Ban\u00fas<\/a> will help you find the ideal products for your hair type and scalp. <\/p>\n\n<h3 class=\"wp-block-heading\">2. Hydrate your mane with hair masks<br\/><br\/><\/h3>\n\n<p>Apply a hair mask once a week to nourish and strengthen your hair. At our <a href=\"https:\/\/www.glowbeautybanus.com\/en\/glow-beauty-treatments-puerto-banus\/hairdressing-salon\">Glow Beauty Puerto Ban\u00fas salon,<\/a> we offer tailored hydrating treatments. <\/p>\n\n<h3 class=\"wp-block-heading\">3. Take care of your brushing<br\/> <br\/><\/h3>\n\n<p>Detangle your hair with a wide-tooth comb to avoid breakage, especially when it&#8217;s wet. A good haircut also helps keep it healthy, so visit <a href=\"https:\/\/www.glowbeautybanus.com\/en\/glow-beauty-treatments-puerto-banus\/hairdressing-salon\">our salon <\/a>regularly to trim your ends. <\/p>\n\n<h3 class=\"wp-block-heading\">4. Avoid overusing heat styling tools<br\/> <br\/><\/h3>\n\n<p>Frequent flat ironing and blow-drying can weaken your hair. If you can&#8217;t go without these tools, always use a heat protectant and ask about our <a href=\"https:\/\/www.glowbeautybanus.com\/en\/glow-beauty-treatments-puerto-banus\/hairdressing-salon\">hair protection treatments<\/a> at Glow Beauty. <\/p>\n\n<h3 class=\"wp-block-heading\">5. Nourish your hair from the inside<br\/> <br\/><\/h3>\n\n<p>A balanced diet is key to strong and shiny hair. Make sure to consume foods rich in essential vitamins and minerals for hair growth. <\/p>\n\n<div style=\"height:19px\" aria-hidden=\"true\" class=\"wp-block-spacer\"><\/div>\n\n<h2 class=\"wp-block-heading\">Fun Facts About Hair<\/h2>\n\n<ul class=\"wp-block-list\">\n<li>Hair grows faster in the summer and at night.<\/li>\n\n\n\n<li>Healthy hair can support up to 100 grams of weight.<\/li>\n\n\n\n<li>The amount of hair varies by color: blondes have about 150,000 hairs, brunettes have 110,000, and redheads only have 90,000.<\/li>\n\n\n\n<li>Each hair follicle is formed in the fifth month of pregnancy and stays with us throughout our life.<\/li>\n\n\n\n<li>In warm climates, hair grows faster due to increased cellular activity.<\/li>\n<\/ul>\n\n<div style=\"height:19px\" aria-hidden=\"true\" class=\"wp-block-spacer\"><\/div>\n\n<h2 class=\"wp-block-heading\"><strong>Pamper your hair at Glow Beauty Puerto Ban\u00fas.<\/strong><\/h2>\n\n<p>If you&#8217;re looking for a <strong>new look<\/strong> or need a <strong>hair treatment <\/strong>to revitalize your hair, our team of expert hairstylists in <a href=\"https:\/\/www.glowbeautybanus.com\/en\/glow-beauty-treatments-puerto-banus\/hairdressing-salon\">Puerto Ban\u00fas Hair Salon<\/a> is ready to assist you. Find us at Glow Beauty Puerto Ban\u00fas and <a href=\"https:\/\/n699099.alteg.io\">book your appointment<\/a> to give your hair the care it deserves. <\/p>\n\n<p><\/p>\n","protected":false},"excerpt":{"rendered":"<p>Celebrate World Hair Day with the best tips for a healthy and radiant mane. From proper washing to hydration and nutrition, at Glow Beauty Puerto Ban\u00fas, we offer you the keys to spectacular hair. Come visit us and give your mane the care it deserves!  <\/p>\n","protected":false},"author":2,"featured_media":22494,"comment_status":"closed","ping_status":"closed","sticky":false,"template":"","format":"standard","meta":{"footnotes":""},"categories":[7],"tags":[],"class_list":["post-22499","post","type-post","status-publish","format-standard","has-post-thumbnail","hentry","category-sin-categoria-en"],"yoast_head":"<!-- This site is optimized with the Yoast SEO plugin v27.4 - https:\/\/yoast.com\/product\/yoast-seo-wordpress\/ -->\n<title>World Hair Day: Take Care of Your Mane at Glow Beauty<\/title>\n<meta name=\"description\" content=\"Discover how to care for your hair on World Hair Day. Expert tips, curiosities, and exclusive treatments at Glow Beauty Puerto Ban\u00fas.\" \/>\n<meta name=\"robots\" content=\"index, follow, max-snippet:-1, max-image-preview:large, max-video-preview:-1\" \/>\n<link rel=\"canonical\" href=\"https:\/\/www.glowbeautybanus.com\/en\/world-hair-day-take-care-of-your-mane-at-glow-beauty-puerto-banus\" \/>\n<meta property=\"og:locale\" content=\"en_US\" \/>\n<meta property=\"og:type\" content=\"article\" \/>\n<meta property=\"og:title\" content=\"World Hair Day: Take Care of Your Mane at Glow Beauty\" \/>\n<meta property=\"og:description\" content=\"Discover how to care for your hair on World Hair Day. Expert tips, curiosities, and exclusive treatments at Glow Beauty Puerto Ban\u00fas.\" \/>\n<meta property=\"og:url\" content=\"https:\/\/www.glowbeautybanus.com\/en\/world-hair-day-take-care-of-your-mane-at-glow-beauty-puerto-banus\" \/>\n<meta property=\"og:site_name\" content=\"Glow Beauty Puerto Banus\" \/>\n<meta property=\"article:publisher\" content=\"https:\/\/www.facebook.com\/GlowBeautyBanus\/\" \/>\n<meta property=\"article:published_time\" content=\"2026-03-06T09:33:06+00:00\" \/>\n<meta property=\"og:image\" content=\"https:\/\/www.glowbeautybanus.com\/wp-content\/uploads\/2025\/03\/cabello-dia-mundial-glow-beauty.jpg\" \/>\n\t<meta property=\"og:image:width\" content=\"1300\" \/>\n\t<meta property=\"og:image:height\" content=\"893\" \/>\n\t<meta property=\"og:image:type\" content=\"image\/jpeg\" \/>\n<meta name=\"author\" content=\"Alejandra Chito\" \/>\n<meta name=\"twitter:card\" content=\"summary_large_image\" \/>\n<meta name=\"twitter:label1\" content=\"Written by\" \/>\n\t<meta name=\"twitter:data1\" content=\"Alejandra Chito\" \/>\n\t<meta name=\"twitter:label2\" content=\"Est. reading time\" \/>\n\t<meta name=\"twitter:data2\" content=\"3 minutes\" \/>\n<script type=\"application\/ld+json\" class=\"yoast-schema-graph\">{\"@context\":\"https:\\\/\\\/schema.org\",\"@graph\":[{\"@type\":\"Article\",\"@id\":\"https:\\\/\\\/www.glowbeautybanus.com\\\/en\\\/world-hair-day-take-care-of-your-mane-at-glow-beauty-puerto-banus#article\",\"isPartOf\":{\"@id\":\"https:\\\/\\\/www.glowbeautybanus.com\\\/en\\\/world-hair-day-take-care-of-your-mane-at-glow-beauty-puerto-banus\"},\"author\":{\"name\":\"Alejandra Chito\",\"@id\":\"https:\\\/\\\/www.glowbeautybanus.com\\\/en#\\\/schema\\\/person\\\/6dadb4c7b3ec05602717c61291ba5bad\"},\"headline\":\"World Hair Day: Take Care of Your Mane at Glow Beauty Puerto Ban\u00fas\",\"datePublished\":\"2026-03-06T09:33:06+00:00\",\"mainEntityOfPage\":{\"@id\":\"https:\\\/\\\/www.glowbeautybanus.com\\\/en\\\/world-hair-day-take-care-of-your-mane-at-glow-beauty-puerto-banus\"},\"wordCount\":430,\"publisher\":{\"@id\":\"https:\\\/\\\/www.glowbeautybanus.com\\\/en#organization\"},\"image\":{\"@id\":\"https:\\\/\\\/www.glowbeautybanus.com\\\/en\\\/world-hair-day-take-care-of-your-mane-at-glow-beauty-puerto-banus#primaryimage\"},\"thumbnailUrl\":\"https:\\\/\\\/www.glowbeautybanus.com\\\/wp-content\\\/uploads\\\/2025\\\/03\\\/cabello-dia-mundial-glow-beauty.jpg\",\"articleSection\":[\"Sin categor\u00eda\"],\"inLanguage\":\"en-US\"},{\"@type\":[\"WebPage\",\"ItemPage\"],\"@id\":\"https:\\\/\\\/www.glowbeautybanus.com\\\/en\\\/world-hair-day-take-care-of-your-mane-at-glow-beauty-puerto-banus\",\"url\":\"https:\\\/\\\/www.glowbeautybanus.com\\\/en\\\/world-hair-day-take-care-of-your-mane-at-glow-beauty-puerto-banus\",\"name\":\"World Hair Day: Take Care of Your Mane at Glow Beauty\",\"isPartOf\":{\"@id\":\"https:\\\/\\\/www.glowbeautybanus.com\\\/en#website\"},\"primaryImageOfPage\":{\"@id\":\"https:\\\/\\\/www.glowbeautybanus.com\\\/en\\\/world-hair-day-take-care-of-your-mane-at-glow-beauty-puerto-banus#primaryimage\"},\"image\":{\"@id\":\"https:\\\/\\\/www.glowbeautybanus.com\\\/en\\\/world-hair-day-take-care-of-your-mane-at-glow-beauty-puerto-banus#primaryimage\"},\"thumbnailUrl\":\"https:\\\/\\\/www.glowbeautybanus.com\\\/wp-content\\\/uploads\\\/2025\\\/03\\\/cabello-dia-mundial-glow-beauty.jpg\",\"datePublished\":\"2026-03-06T09:33:06+00:00\",\"description\":\"Discover how to care for your hair on World Hair Day. Expert tips, curiosities, and exclusive treatments at Glow Beauty Puerto Ban\u00fas.\",\"breadcrumb\":{\"@id\":\"https:\\\/\\\/www.glowbeautybanus.com\\\/en\\\/world-hair-day-take-care-of-your-mane-at-glow-beauty-puerto-banus#breadcrumb\"},\"inLanguage\":\"en-US\",\"potentialAction\":[{\"@type\":\"ReadAction\",\"target\":[\"https:\\\/\\\/www.glowbeautybanus.com\\\/en\\\/world-hair-day-take-care-of-your-mane-at-glow-beauty-puerto-banus\"]}]},{\"@type\":\"ImageObject\",\"inLanguage\":\"en-US\",\"@id\":\"https:\\\/\\\/www.glowbeautybanus.com\\\/en\\\/world-hair-day-take-care-of-your-mane-at-glow-beauty-puerto-banus#primaryimage\",\"url\":\"https:\\\/\\\/www.glowbeautybanus.com\\\/wp-content\\\/uploads\\\/2025\\\/03\\\/cabello-dia-mundial-glow-beauty.jpg\",\"contentUrl\":\"https:\\\/\\\/www.glowbeautybanus.com\\\/wp-content\\\/uploads\\\/2025\\\/03\\\/cabello-dia-mundial-glow-beauty.jpg\",\"width\":1300,\"height\":893,\"caption\":\"D\u00eda mu\"},{\"@type\":\"BreadcrumbList\",\"@id\":\"https:\\\/\\\/www.glowbeautybanus.com\\\/en\\\/world-hair-day-take-care-of-your-mane-at-glow-beauty-puerto-banus#breadcrumb\",\"itemListElement\":[{\"@type\":\"ListItem\",\"position\":1,\"name\":\"Portada\",\"item\":\"https:\\\/\\\/www.glowbeautybanus.com\\\/en\"},{\"@type\":\"ListItem\",\"position\":2,\"name\":\"World Hair Day: Take Care of Your Mane at Glow Beauty Puerto Ban\u00fas\"}]},{\"@type\":\"WebSite\",\"@id\":\"https:\\\/\\\/www.glowbeautybanus.com\\\/en#website\",\"url\":\"https:\\\/\\\/www.glowbeautybanus.com\\\/en\",\"name\":\"Glow Beauty Puerto Banus\",\"description\":\"Sal\u00f3n de Belleza y Alta Cosm\u00e9tica en Puerto Ban\u00fas\",\"publisher\":{\"@id\":\"https:\\\/\\\/www.glowbeautybanus.com\\\/en#organization\"},\"potentialAction\":[{\"@type\":\"SearchAction\",\"target\":{\"@type\":\"EntryPoint\",\"urlTemplate\":\"https:\\\/\\\/www.glowbeautybanus.com\\\/en?s={search_term_string}\"},\"query-input\":{\"@type\":\"PropertyValueSpecification\",\"valueRequired\":true,\"valueName\":\"search_term_string\"}}],\"inLanguage\":\"en-US\"},{\"@type\":\"Organization\",\"@id\":\"https:\\\/\\\/www.glowbeautybanus.com\\\/en#organization\",\"name\":\"Glow Beauty Puerto Ban\u00fas\",\"url\":\"https:\\\/\\\/www.glowbeautybanus.com\\\/en\",\"logo\":{\"@type\":\"ImageObject\",\"inLanguage\":\"en-US\",\"@id\":\"https:\\\/\\\/www.glowbeautybanus.com\\\/en#\\\/schema\\\/logo\\\/image\\\/\",\"url\":\"https:\\\/\\\/www.glowbeautybanus.com\\\/wp-content\\\/uploads\\\/2020\\\/02\\\/logo.png\",\"contentUrl\":\"https:\\\/\\\/www.glowbeautybanus.com\\\/wp-content\\\/uploads\\\/2020\\\/02\\\/logo.png\",\"width\":1425,\"height\":399,\"caption\":\"Glow Beauty Puerto Ban\u00fas\"},\"image\":{\"@id\":\"https:\\\/\\\/www.glowbeautybanus.com\\\/en#\\\/schema\\\/logo\\\/image\\\/\"},\"sameAs\":[\"https:\\\/\\\/www.facebook.com\\\/GlowBeautyBanus\\\/\",\"https:\\\/\\\/www.instagram.com\\\/glowbeautypuertobanus\\\/\"]},{\"@type\":\"Person\",\"@id\":\"https:\\\/\\\/www.glowbeautybanus.com\\\/en#\\\/schema\\\/person\\\/6dadb4c7b3ec05602717c61291ba5bad\",\"name\":\"Alejandra Chito\"}]}<\/script>\n<!-- \/ Yoast SEO plugin. -->","yoast_head_json":{"title":"World Hair Day: Take Care of Your Mane at Glow Beauty","description":"Discover how to care for your hair on World Hair Day. Expert tips, curiosities, and exclusive treatments at Glow Beauty Puerto Ban\u00fas.","robots":{"index":"index","follow":"follow","max-snippet":"max-snippet:-1","max-image-preview":"max-image-preview:large","max-video-preview":"max-video-preview:-1"},"canonical":"https:\/\/www.glowbeautybanus.com\/en\/world-hair-day-take-care-of-your-mane-at-glow-beauty-puerto-banus","og_locale":"en_US","og_type":"article","og_title":"World Hair Day: Take Care of Your Mane at Glow Beauty","og_description":"Discover how to care for your hair on World Hair Day. Expert tips, curiosities, and exclusive treatments at Glow Beauty Puerto Ban\u00fas.","og_url":"https:\/\/www.glowbeautybanus.com\/en\/world-hair-day-take-care-of-your-mane-at-glow-beauty-puerto-banus","og_site_name":"Glow Beauty Puerto Banus","article_publisher":"https:\/\/www.facebook.com\/GlowBeautyBanus\/","article_published_time":"2026-03-06T09:33:06+00:00","og_image":[{"width":1300,"height":893,"url":"https:\/\/www.glowbeautybanus.com\/wp-content\/uploads\/2025\/03\/cabello-dia-mundial-glow-beauty.jpg","type":"image\/jpeg"}],"author":"Alejandra Chito","twitter_card":"summary_large_image","twitter_misc":{"Written by":"Alejandra Chito","Est. reading time":"3 minutes"},"schema":{"@context":"https:\/\/schema.org","@graph":[{"@type":"Article","@id":"https:\/\/www.glowbeautybanus.com\/en\/world-hair-day-take-care-of-your-mane-at-glow-beauty-puerto-banus#article","isPartOf":{"@id":"https:\/\/www.glowbeautybanus.com\/en\/world-hair-day-take-care-of-your-mane-at-glow-beauty-puerto-banus"},"author":{"name":"Alejandra Chito","@id":"https:\/\/www.glowbeautybanus.com\/en#\/schema\/person\/6dadb4c7b3ec05602717c61291ba5bad"},"headline":"World Hair Day: Take Care of Your Mane at Glow Beauty Puerto Ban\u00fas","datePublished":"2026-03-06T09:33:06+00:00","mainEntityOfPage":{"@id":"https:\/\/www.glowbeautybanus.com\/en\/world-hair-day-take-care-of-your-mane-at-glow-beauty-puerto-banus"},"wordCount":430,"publisher":{"@id":"https:\/\/www.glowbeautybanus.com\/en#organization"},"image":{"@id":"https:\/\/www.glowbeautybanus.com\/en\/world-hair-day-take-care-of-your-mane-at-glow-beauty-puerto-banus#primaryimage"},"thumbnailUrl":"https:\/\/www.glowbeautybanus.com\/wp-content\/uploads\/2025\/03\/cabello-dia-mundial-glow-beauty.jpg","articleSection":["Sin categor\u00eda"],"inLanguage":"en-US"},{"@type":["WebPage","ItemPage"],"@id":"https:\/\/www.glowbeautybanus.com\/en\/world-hair-day-take-care-of-your-mane-at-glow-beauty-puerto-banus","url":"https:\/\/www.glowbeautybanus.com\/en\/world-hair-day-take-care-of-your-mane-at-glow-beauty-puerto-banus","name":"World Hair Day: Take Care of Your Mane at Glow Beauty","isPartOf":{"@id":"https:\/\/www.glowbeautybanus.com\/en#website"},"primaryImageOfPage":{"@id":"https:\/\/www.glowbeautybanus.com\/en\/world-hair-day-take-care-of-your-mane-at-glow-beauty-puerto-banus#primaryimage"},"image":{"@id":"https:\/\/www.glowbeautybanus.com\/en\/world-hair-day-take-care-of-your-mane-at-glow-beauty-puerto-banus#primaryimage"},"thumbnailUrl":"https:\/\/www.glowbeautybanus.com\/wp-content\/uploads\/2025\/03\/cabello-dia-mundial-glow-beauty.jpg","datePublished":"2026-03-06T09:33:06+00:00","description":"Discover how to care for your hair on World Hair Day. Expert tips, curiosities, and exclusive treatments at Glow Beauty Puerto Ban\u00fas.","breadcrumb":{"@id":"https:\/\/www.glowbeautybanus.com\/en\/world-hair-day-take-care-of-your-mane-at-glow-beauty-puerto-banus#breadcrumb"},"inLanguage":"en-US","potentialAction":[{"@type":"ReadAction","target":["https:\/\/www.glowbeautybanus.com\/en\/world-hair-day-take-care-of-your-mane-at-glow-beauty-puerto-banus"]}]},{"@type":"ImageObject","inLanguage":"en-US","@id":"https:\/\/www.glowbeautybanus.com\/en\/world-hair-day-take-care-of-your-mane-at-glow-beauty-puerto-banus#primaryimage","url":"https:\/\/www.glowbeautybanus.com\/wp-content\/uploads\/2025\/03\/cabello-dia-mundial-glow-beauty.jpg","contentUrl":"https:\/\/www.glowbeautybanus.com\/wp-content\/uploads\/2025\/03\/cabello-dia-mundial-glow-beauty.jpg","width":1300,"height":893,"caption":"D\u00eda mu"},{"@type":"BreadcrumbList","@id":"https:\/\/www.glowbeautybanus.com\/en\/world-hair-day-take-care-of-your-mane-at-glow-beauty-puerto-banus#breadcrumb","itemListElement":[{"@type":"ListItem","position":1,"name":"Portada","item":"https:\/\/www.glowbeautybanus.com\/en"},{"@type":"ListItem","position":2,"name":"World Hair Day: Take Care of Your Mane at Glow Beauty Puerto Ban\u00fas"}]},{"@type":"WebSite","@id":"https:\/\/www.glowbeautybanus.com\/en#website","url":"https:\/\/www.glowbeautybanus.com\/en","name":"Glow Beauty Puerto Banus","description":"Sal\u00f3n de Belleza y Alta Cosm\u00e9tica en Puerto Ban\u00fas","publisher":{"@id":"https:\/\/www.glowbeautybanus.com\/en#organization"},"potentialAction":[{"@type":"SearchAction","target":{"@type":"EntryPoint","urlTemplate":"https:\/\/www.glowbeautybanus.com\/en?s={search_term_string}"},"query-input":{"@type":"PropertyValueSpecification","valueRequired":true,"valueName":"search_term_string"}}],"inLanguage":"en-US"},{"@type":"Organization","@id":"https:\/\/www.glowbeautybanus.com\/en#organization","name":"Glow Beauty Puerto Ban\u00fas","url":"https:\/\/www.glowbeautybanus.com\/en","logo":{"@type":"ImageObject","inLanguage":"en-US","@id":"https:\/\/www.glowbeautybanus.com\/en#\/schema\/logo\/image\/","url":"https:\/\/www.glowbeautybanus.com\/wp-content\/uploads\/2020\/02\/logo.png","contentUrl":"https:\/\/www.glowbeautybanus.com\/wp-content\/uploads\/2020\/02\/logo.png","width":1425,"height":399,"caption":"Glow Beauty Puerto Ban\u00fas"},"image":{"@id":"https:\/\/www.glowbeautybanus.com\/en#\/schema\/logo\/image\/"},"sameAs":["https:\/\/www.facebook.com\/GlowBeautyBanus\/","https:\/\/www.instagram.com\/glowbeautypuertobanus\/"]},{"@type":"Person","@id":"https:\/\/www.glowbeautybanus.com\/en#\/schema\/person\/6dadb4c7b3ec05602717c61291ba5bad","name":"Alejandra Chito"}]}},"_links":{"self":[{"href":"https:\/\/www.glowbeautybanus.com\/en\/wp-json\/wp\/v2\/posts\/22499","targetHints":{"allow":["GET"]}}],"collection":[{"href":"https:\/\/www.glowbeautybanus.com\/en\/wp-json\/wp\/v2\/posts"}],"about":[{"href":"https:\/\/www.glowbeautybanus.com\/en\/wp-json\/wp\/v2\/types\/post"}],"author":[{"embeddable":true,"href":"https:\/\/www.glowbeautybanus.com\/en\/wp-json\/wp\/v2\/users\/2"}],"replies":[{"embeddable":true,"href":"https:\/\/www.glowbeautybanus.com\/en\/wp-json\/wp\/v2\/comments?post=22499"}],"version-history":[{"count":6,"href":"https:\/\/www.glowbeautybanus.com\/en\/wp-json\/wp\/v2\/posts\/22499\/revisions"}],"predecessor-version":[{"id":22506,"href":"https:\/\/www.glowbeautybanus.com\/en\/wp-json\/wp\/v2\/posts\/22499\/revisions\/22506"}],"wp:featuredmedia":[{"embeddable":true,"href":"https:\/\/www.glowbeautybanus.com\/en\/wp-json\/wp\/v2\/media\/22494"}],"wp:attachment":[{"href":"https:\/\/www.glowbeautybanus.com\/en\/wp-json\/wp\/v2\/media?parent=22499"}],"wp:term":[{"taxonomy":"category","embeddable":true,"href":"https:\/\/www.glowbeautybanus.com\/en\/wp-json\/wp\/v2\/categories?post=22499"},{"taxonomy":"post_tag","embeddable":true,"href":"https:\/\/www.glowbeautybanus.com\/en\/wp-json\/wp\/v2\/tags?post=22499"}],"curies":[{"name":"wp","href":"https:\/\/api.w.org\/{rel}","templated":true}]}}